{"id":20383,"date":"2026-04-29T11:45:08","date_gmt":"2026-04-29T09:45:08","guid":{"rendered":"https:\/\/www.perfume-week.com\/paris-perfume-week-2026-a-spectacular-third-edition-at-the-palais-brongniart\/"},"modified":"2026-04-29T12:03:44","modified_gmt":"2026-04-29T10:03:44","slug":"paris-perfume-week-2026-a-spectacular-third-edition-at-the-palais-brongniart","status":"publish","type":"post","link":"https:\/\/www.perfume-week.com\/en\/paris-perfume-week-2026-a-spectacular-third-edition-at-the-palais-brongniart\/","title":{"rendered":"Paris Perfume Week 2026: A spectacular third edition at the Palais Brongniart"},"content":{"rendered":"\n<p>From April 9 to 11, 2026, Paris Perfume Week reached a decisive turning point.<br\/>For its first edition held at the Palais Brongniart, the event drew 11,780 visitors over three days. Both its impressive scale and the diversity of its attendees have confirmed its status as a premier fixture on the international fragrance scene.<\/p>\n\n<p><strong>Key Figures<\/strong><\/p>\n\n<ul class=\"wp-block-list\">\n<li>11,780 total visitors <\/li>\n\n\n\n<li>56% general public \/ 44% professionals <\/li>\n\n\n\n<li>22% international visitors <\/li>\n\n\n\n<li>Over 1,000 retailers and buyers <\/li>\n\n\n\n<li>180 exhibitors and partners <\/li>\n\n\n\n<li>50 conferences <\/li>\n\n\n\n<li>5 expositions <\/li>\n\n\n\n<li>Pr\u00e8s de 80 \u00e9v\u00e9nements hors les murs dans Paris <\/li>\n<\/ul>\n\n<figure class=\"wp-block-image aligncenter size-full is-resized\"><img fetchpriority=\"high\" decoding=\"async\" width=\"840\" height=\"630\" src=\"https:\/\/www.perfume-week.com\/wp-content\/uploads\/2026\/04\/PPW_CP_V1.jpg\" alt=\"\" class=\"wp-image-20354\" style=\"width:742px;height:auto\" srcset=\"https:\/\/www.perfume-week.com\/wp-content\/uploads\/2026\/04\/PPW_CP_V1.jpg 840w, https:\/\/www.perfume-week.com\/wp-content\/uploads\/2026\/04\/PPW_CP_V1-300x225.jpg 300w, https:\/\/www.perfume-week.com\/wp-content\/uploads\/2026\/04\/PPW_CP_V1-768x576.jpg 768w\" sizes=\"(max-width: 840px) 100vw, 840px\" \/><\/figure>\n\n<p><strong>A pivotal edition, driven by a broader and more international audience<\/strong><\/p>\n\n<p>Driven by the exceptional momentum currently seen in the fragrance industry\u2014particularly within the niche and creative segments\u2014Paris Perfume Week confirms more than ever its central role in the contemporary olfactory landscape.<\/p>\n\n<p>With 11,780 visitors welcomed from April 9 to 11, 2026, the event has fully confirmed its transition to a larger scale. The overall breakdown of the audience (56% general public \/ 44% professionals) reflects the unique DNA of Paris Perfume Week: an event capable of bringing together, within the same space, the entire perfume ecosystem and a particularly engaged audience of enthusiasts. <\/p>\n\n<p>This professional dimension was particularly intense from the very start: 58% of visitors were professionals on Thursday, followed by 45% on Friday, before a Saturday more broadly oriented toward the general public, with 28% professional attendance. This attendance pattern illustrates the event&#8217;s dual vocation: serving as a business and trend-setting platform at the start of the week, and transforming into a major cultural and experiential gathering as the weekend approaches. <\/p>\n\n<p>With over 1,000 retailers in attendance throughout the event\u2014alongside distributors, buyers, journalists, content creators, experts, perfumers, institutions, and other key influencers\u2014Paris Perfume Week confirms its unique position in the industry&#8217;s international calendar.<\/p>\n\n<p>Another strong hallmark of this edition: 22% of visitors were international, confirming the event&#8217;s growing appeal well beyond French borders.<\/p>\n\n<figure class=\"wp-block-image aligncenter size-full is-resized\"><img decoding=\"async\" width=\"840\" height=\"630\" src=\"https:\/\/www.perfume-week.com\/wp-content\/uploads\/2026\/04\/PPW_CP_V2.jpg\" alt=\"\" class=\"wp-image-20357\" style=\"width:752px;height:auto\" srcset=\"https:\/\/www.perfume-week.com\/wp-content\/uploads\/2026\/04\/PPW_CP_V2.jpg 840w, https:\/\/www.perfume-week.com\/wp-content\/uploads\/2026\/04\/PPW_CP_V2-300x225.jpg 300w, https:\/\/www.perfume-week.com\/wp-content\/uploads\/2026\/04\/PPW_CP_V2-768x576.jpg 768w\" sizes=\"(max-width: 840px) 100vw, 840px\" \/><\/figure>\n\n<p><strong>The Palais Brongniart: A new showcase for Paris Perfume Week<\/strong><\/p>\n\n<p>This 2026 edition marks a major turning point in the history of Paris Perfume Week. By taking over the Palais Brongniart, the event fully embraced an emblematic landmark of Parisian heritage, transforming it for three days into a true international crossroads for the perfume industry. <\/p>\n\n<p>With 180 exhibitors and partners, 50 conferences, 5 exhibitions, and a remarkably dense program, Paris Perfume Week 2026 showcased the full richness and diversity of the perfume world: from creation to raw materials, and from technical craftsmanship to cultural, artistic, and contemporary issues.<\/p>\n\n<p>The exhibition spaces and conference rooms saw a continuous flow of attendees, with presentations drawing packed houses throughout the entire event.<\/p>\n\n<p><strong>Behind The Scent, one of the major new features of 2026<\/strong><\/p>\n\n<p>Among the highlights of this edition, Behind The Scent established itself as one of the major new features of 2026. Conceived as the first forum dedicated to careers and training in the perfume world, this new initiative\u2014supported by L\u2019Or\u00e9al Groupe\u2014brought together some twenty key players: fragrance houses, schools, manufacturers, designers, and other professionals committed to knowledge sharing and talent development. <\/p>\n\n<p>This initiative perfectly illustrates the ambition of Paris Perfume Week: to create a dialogue between passion, culture, knowledge sharing, and industry development.<\/p>\n\n<figure class=\"wp-block-image aligncenter size-full is-resized\"><img decoding=\"async\" width=\"840\" height=\"630\" src=\"https:\/\/www.perfume-week.com\/wp-content\/uploads\/2026\/04\/PPW_CP_V4.jpg\" alt=\"\" class=\"wp-image-20361\" style=\"width:758px;height:auto\" srcset=\"https:\/\/www.perfume-week.com\/wp-content\/uploads\/2026\/04\/PPW_CP_V4.jpg 840w, https:\/\/www.perfume-week.com\/wp-content\/uploads\/2026\/04\/PPW_CP_V4-300x225.jpg 300w, https:\/\/www.perfume-week.com\/wp-content\/uploads\/2026\/04\/PPW_CP_V4-768x576.jpg 768w\" sizes=\"(max-width: 840px) 100vw, 840px\" \/><\/figure>\n\n<p><strong>An entire city mobilized around olfactory culture<\/strong><\/p>\n\n<p>Beyond the trade fair itself, the &#8220;off-site&#8221; program solidified Paris Perfume Week\u2019s presence throughout the city. With nearly 80 events across the capital\u2014including boutique animations, workshops, guided tours, meet-and-greets, conferences, and evening parties\u2014the event successfully promoted olfactory culture far beyond the walls of the Palais Brongniart.<\/p>\n\n<p>Paris Perfume Night, held on Friday, April 10, brought together 20 boutiques along the Rue Saint-Honor\u00e9. These participants showed remarkable commitment and attracted several hundred visitors.<\/p>\n\n<p><strong>A more open, diverse, and international perfume scene<\/strong><\/p>\n\n<p>This third edition also strongly reaffirmed Paris Perfume Week\u2019s mission to better reflect the diversity of contemporary perfume scenes.<\/p>\n\n<p>With The Colors, the event highlighted an unprecedented representation of multicultural perfumery. Meanwhile, the notable presence of the Chinese Village confirmed the growing interest in Asian scenes and paved the way for the Asia Perfume Show\u2014a new event conceived by Nez, set to take place on September 24 and 25, 2026, at the Bastille Design Center.<\/p>\n\n<figure class=\"wp-block-image aligncenter size-full is-resized\"><img loading=\"lazy\" decoding=\"async\" width=\"840\" height=\"630\" src=\"https:\/\/www.perfume-week.com\/wp-content\/uploads\/2026\/04\/PPW_CP_V3.jpg\" alt=\"\" class=\"wp-image-20359\" style=\"width:742px;height:auto\" srcset=\"https:\/\/www.perfume-week.com\/wp-content\/uploads\/2026\/04\/PPW_CP_V3.jpg 840w, https:\/\/www.perfume-week.com\/wp-content\/uploads\/2026\/04\/PPW_CP_V3-300x225.jpg 300w, https:\/\/www.perfume-week.com\/wp-content\/uploads\/2026\/04\/PPW_CP_V3-768x576.jpg 768w\" sizes=\"(max-width: 840px) 100vw, 840px\" \/><\/figure>\n\n<p><strong>A digital reach matching the event&#8217;s scale<\/strong><\/p>\n\n<p>Whether on-site or online, the enthusiasm matched the scale of the event. The 2026 edition also saw a significant boost in its digital visibility, confirming Paris Perfume Week&#8217;s ability to resonate far beyond its physical location. For several days, social media echoed with hundreds of posts, testimonials, and spontaneous shares, vastly extending the on-site experience.  <\/p>\n\n<p>Website<\/p>\n\n<ul class=\"wp-block-list\">\n<li>37,000 unique visitors to the website between January and April 2026 <\/li>\n\n\n\n<li>20,000 unique visitors in the month of April alone <\/li>\n\n\n\n<li>+164% web traffic compared to the same period in 2025 <\/li>\n<\/ul>\n\n<p>Instagram (Paris Perfume Week Instagram account)<\/p>\n\n<ul class=\"wp-block-list\">\n<li>948,000 total impressions <\/li>\n\n\n\n<li>119,000 accounts reached <\/li>\n\n\n\n<li>19 000 interactions <\/li>\n\n\n\n<li>18,900 followers, an increase of +27% vs. 2025<\/li>\n\n\n\n<li>Average of 10,000 to 15,000+ views on partner-dedicated content<\/li>\n<\/ul>\n\n<p>Global social ecosystem <\/p>\n\n<ul class=\"wp-block-list\">\n<li>220 accredited content creators<\/li>\n\n\n\n<li>623 pieces of content published on social media <\/li>\n\n\n\n<li>3.3 million total views <\/li>\n<\/ul>\n\n<p><strong>A leading platform for contemporary olfactory culture<\/strong><\/p>\n\n<p>Supported by major partners such as Amouage, which championed the Smell Talks, and Firmenich, associated with the launch of the very first olfactory travel guide, Paris Perfume Week solidifies its role as a crossroad for industry leaders, innovative editorial formats, education, and the thrill of discovery.<\/p>\n\n<p>In just three editions, Paris Perfume Week has firmly established itself as a leading platform, uniting creativity, education, business, culture, and a shared passion for fragrance.<\/p>\n\n<p>The 2026 edition will be remembered for its spectacular growth in scale, matching the ambition set by Nez: to champion olfactory culture in all its forms, throughout Paris and far beyond.<\/p>\n\n<p><em>Visuals by Cl\u00e9ment Savel, Romain Guittet and Ava Duparc<\/em><\/p>\n\n<figure class=\"wp-block-image aligncenter size-full is-resized\"><img loading=\"lazy\" decoding=\"async\" width=\"840\" height=\"630\" src=\"https:\/\/www.perfume-week.com\/wp-content\/uploads\/2026\/04\/PPW_CP_V5.jpg\" alt=\"\" class=\"wp-image-20370\" style=\"width:754px;height:auto\" srcset=\"https:\/\/www.perfume-week.com\/wp-content\/uploads\/2026\/04\/PPW_CP_V5.jpg 840w, https:\/\/www.perfume-week.com\/wp-content\/uploads\/2026\/04\/PPW_CP_V5-300x225.jpg 300w, https:\/\/www.perfume-week.com\/wp-content\/uploads\/2026\/04\/PPW_CP_V5-768x576.jpg 768w\" sizes=\"(max-width: 840px) 100vw, 840px\" \/><\/figure>\n","protected":false},"excerpt":{"rendered":"<p>From April 9 to 11, 2026, Paris Perfume Week reached a decisive milestone.<br \/>For its first edition held at the Palais Brongniart, the event brought together 11,780 visitors over three days. Through both its scale and the diversity of its audience, the event has firmly established itself as one of the major fixtures on the international perfume scene.<\/p>\n","protected":false},"author":20,"featured_media":0,"comment_status":"closed","ping_status":"closed","sticky":false,"template":"","format":"standard","meta":{"_acf_changed":false,"inline_featured_image":false,"footnotes":""},"categories":[],"tags":[],"ville":[161],"class_list":["post-20383","post","type-post","status-publish","format-standard","hentry","ville-paris-en"],"acf":[],"yoast_head":"<!-- This site is optimized with the Yoast SEO plugin v27.5 - https:\/\/yoast.com\/product\/yoast-seo-wordpress\/ -->\n<title>Paris Perfume Week 2026: A spectacular third edition at the Palais Brongniart - Perfume Week<\/title>\n<meta name=\"description\" content=\"From April 9 to 11, 2026, Paris Perfume Week reached a decisive milestone.For its first edition held at the Palais Brongniart, the event brought together 11,780 visitors over three days. Through both its scale and the diversity of its audience, the event has firmly established itself as one of the major fixtures on the international perfume scene.\" \/>\n<meta name=\"robots\" content=\"index, follow, max-snippet:-1, max-image-preview:large, max-video-preview:-1\" \/>\n<link rel=\"canonical\" href=\"https:\/\/www.perfume-week.com\/en\/paris-perfume-week-2026-a-spectacular-third-edition-at-the-palais-brongniart\/\" \/>\n<meta property=\"og:locale\" content=\"en_US\" \/>\n<meta property=\"og:type\" content=\"article\" \/>\n<meta property=\"og:title\" content=\"Paris Perfume Week 2026: A spectacular third edition at the Palais Brongniart - Perfume Week\" \/>\n<meta property=\"og:description\" content=\"From April 9 to 11, 2026, Paris Perfume Week reached a decisive milestone.For its first edition held at the Palais Brongniart, the event brought together 11,780 visitors over three days. Through both its scale and the diversity of its audience, the event has firmly established itself as one of the major fixtures on the international perfume scene.\" \/>\n<meta property=\"og:url\" content=\"https:\/\/www.perfume-week.com\/en\/paris-perfume-week-2026-a-spectacular-third-edition-at-the-palais-brongniart\/\" \/>\n<meta property=\"og:site_name\" content=\"Perfume Week, by Nez\" \/>\n<meta property=\"article:publisher\" content=\"https:\/\/facebook.com\/nezarevue\" \/>\n<meta property=\"article:published_time\" content=\"2026-04-29T09:45:08+00:00\" \/>\n<meta property=\"article:modified_time\" content=\"2026-04-29T10:03:44+00:00\" \/>\n<meta property=\"og:image\" content=\"https:\/\/www.perfume-week.com\/wp-content\/uploads\/2026\/04\/PPW_CP_V1.jpg\" \/>\n\t<meta property=\"og:image:width\" content=\"840\" \/>\n\t<meta property=\"og:image:height\" content=\"630\" \/>\n\t<meta property=\"og:image:type\" content=\"image\/jpeg\" \/>\n<meta name=\"author\" content=\"Alexis Danile\" \/>\n<meta name=\"twitter:card\" content=\"summary_large_image\" \/>\n<meta name=\"twitter:label1\" content=\"Written by\" \/>\n\t<meta name=\"twitter:data1\" content=\"Alexis Danile\" \/>\n\t<meta name=\"twitter:label2\" content=\"Est. reading time\" \/>\n\t<meta name=\"twitter:data2\" content=\"5 minutes\" \/>\n<script type=\"application\/ld+json\" class=\"yoast-schema-graph\">{\"@context\":\"https:\\\/\\\/schema.org\",\"@graph\":[{\"@type\":\"Article\",\"@id\":\"https:\\\/\\\/www.perfume-week.com\\\/en\\\/paris-perfume-week-2026-a-spectacular-third-edition-at-the-palais-brongniart\\\/#article\",\"isPartOf\":{\"@id\":\"https:\\\/\\\/www.perfume-week.com\\\/en\\\/paris-perfume-week-2026-a-spectacular-third-edition-at-the-palais-brongniart\\\/\"},\"author\":{\"name\":\"Alexis Danile\",\"@id\":\"https:\\\/\\\/www.perfume-week.com\\\/en\\\/#\\\/schema\\\/person\\\/b29ea2f95e850888a58a5002213ab4e5\"},\"headline\":\"Paris Perfume Week 2026: A spectacular third edition at the Palais Brongniart\",\"datePublished\":\"2026-04-29T09:45:08+00:00\",\"dateModified\":\"2026-04-29T10:03:44+00:00\",\"mainEntityOfPage\":{\"@id\":\"https:\\\/\\\/www.perfume-week.com\\\/en\\\/paris-perfume-week-2026-a-spectacular-third-edition-at-the-palais-brongniart\\\/\"},\"wordCount\":927,\"publisher\":{\"@id\":\"https:\\\/\\\/www.perfume-week.com\\\/en\\\/#organization\"},\"image\":{\"@id\":\"https:\\\/\\\/www.perfume-week.com\\\/en\\\/paris-perfume-week-2026-a-spectacular-third-edition-at-the-palais-brongniart\\\/#primaryimage\"},\"thumbnailUrl\":\"https:\\\/\\\/www.perfume-week.com\\\/wp-content\\\/uploads\\\/2026\\\/04\\\/PPW_CP_V1.jpg\",\"inLanguage\":\"en-US\"},{\"@type\":\"WebPage\",\"@id\":\"https:\\\/\\\/www.perfume-week.com\\\/en\\\/paris-perfume-week-2026-a-spectacular-third-edition-at-the-palais-brongniart\\\/\",\"url\":\"https:\\\/\\\/www.perfume-week.com\\\/en\\\/paris-perfume-week-2026-a-spectacular-third-edition-at-the-palais-brongniart\\\/\",\"name\":\"Paris Perfume Week 2026: A spectacular third edition at the Palais Brongniart - Perfume Week\",\"isPartOf\":{\"@id\":\"https:\\\/\\\/www.perfume-week.com\\\/en\\\/#website\"},\"primaryImageOfPage\":{\"@id\":\"https:\\\/\\\/www.perfume-week.com\\\/en\\\/paris-perfume-week-2026-a-spectacular-third-edition-at-the-palais-brongniart\\\/#primaryimage\"},\"image\":{\"@id\":\"https:\\\/\\\/www.perfume-week.com\\\/en\\\/paris-perfume-week-2026-a-spectacular-third-edition-at-the-palais-brongniart\\\/#primaryimage\"},\"thumbnailUrl\":\"https:\\\/\\\/www.perfume-week.com\\\/wp-content\\\/uploads\\\/2026\\\/04\\\/PPW_CP_V1.jpg\",\"datePublished\":\"2026-04-29T09:45:08+00:00\",\"dateModified\":\"2026-04-29T10:03:44+00:00\",\"description\":\"From April 9 to 11, 2026, Paris Perfume Week reached a decisive milestone.For its first edition held at the Palais Brongniart, the event brought together 11,780 visitors over three days. Through both its scale and the diversity of its audience, the event has firmly established itself as one of the major fixtures on the international perfume scene.\",\"breadcrumb\":{\"@id\":\"https:\\\/\\\/www.perfume-week.com\\\/en\\\/paris-perfume-week-2026-a-spectacular-third-edition-at-the-palais-brongniart\\\/#breadcrumb\"},\"inLanguage\":\"en-US\",\"potentialAction\":[{\"@type\":\"ReadAction\",\"target\":[\"https:\\\/\\\/www.perfume-week.com\\\/en\\\/paris-perfume-week-2026-a-spectacular-third-edition-at-the-palais-brongniart\\\/\"]}]},{\"@type\":\"ImageObject\",\"inLanguage\":\"en-US\",\"@id\":\"https:\\\/\\\/www.perfume-week.com\\\/en\\\/paris-perfume-week-2026-a-spectacular-third-edition-at-the-palais-brongniart\\\/#primaryimage\",\"url\":\"https:\\\/\\\/www.perfume-week.com\\\/wp-content\\\/uploads\\\/2026\\\/04\\\/PPW_CP_V1.jpg\",\"contentUrl\":\"https:\\\/\\\/www.perfume-week.com\\\/wp-content\\\/uploads\\\/2026\\\/04\\\/PPW_CP_V1.jpg\"},{\"@type\":\"BreadcrumbList\",\"@id\":\"https:\\\/\\\/www.perfume-week.com\\\/en\\\/paris-perfume-week-2026-a-spectacular-third-edition-at-the-palais-brongniart\\\/#breadcrumb\",\"itemListElement\":[{\"@type\":\"ListItem\",\"position\":1,\"name\":\"Accueil\",\"item\":\"https:\\\/\\\/www.perfume-week.com\\\/en\\\/\"},{\"@type\":\"ListItem\",\"position\":2,\"name\":\"Paris Perfume Week 2026: A spectacular third edition at the Palais Brongniart\"}]},{\"@type\":\"WebSite\",\"@id\":\"https:\\\/\\\/www.perfume-week.com\\\/en\\\/#website\",\"url\":\"https:\\\/\\\/www.perfume-week.com\\\/en\\\/\",\"name\":\"Paris Perfume Week, by Nez\",\"description\":\"The international gathering for perfume and olfactory culture, by Nez\",\"publisher\":{\"@id\":\"https:\\\/\\\/www.perfume-week.com\\\/en\\\/#organization\"},\"potentialAction\":[{\"@type\":\"SearchAction\",\"target\":{\"@type\":\"EntryPoint\",\"urlTemplate\":\"https:\\\/\\\/www.perfume-week.com\\\/en\\\/?s={search_term_string}\"},\"query-input\":{\"@type\":\"PropertyValueSpecification\",\"valueRequired\":true,\"valueName\":\"search_term_string\"}}],\"inLanguage\":\"en-US\"},{\"@type\":\"Organization\",\"@id\":\"https:\\\/\\\/www.perfume-week.com\\\/en\\\/#organization\",\"name\":\"Le rendez-vous international du parfum et de la culture olfactive, by Nez\",\"url\":\"https:\\\/\\\/www.perfume-week.com\\\/en\\\/\",\"logo\":{\"@type\":\"ImageObject\",\"inLanguage\":\"en-US\",\"@id\":\"https:\\\/\\\/www.perfume-week.com\\\/en\\\/#\\\/schema\\\/logo\\\/image\\\/\",\"url\":\"https:\\\/\\\/www.perfume-week.com\\\/wp-content\\\/uploads\\\/2023\\\/12\\\/PARIS_PERFUME_WEEK_BLANC-1.svg\",\"contentUrl\":\"https:\\\/\\\/www.perfume-week.com\\\/wp-content\\\/uploads\\\/2023\\\/12\\\/PARIS_PERFUME_WEEK_BLANC-1.svg\",\"width\":493,\"height\":262,\"caption\":\"Le rendez-vous international du parfum et de la culture olfactive, by Nez\"},\"image\":{\"@id\":\"https:\\\/\\\/www.perfume-week.com\\\/en\\\/#\\\/schema\\\/logo\\\/image\\\/\"},\"sameAs\":[\"https:\\\/\\\/facebook.com\\\/nezarevue\",\"https:\\\/\\\/www.instagram.com\\\/perfumeweek\"]},{\"@type\":\"Person\",\"@id\":\"https:\\\/\\\/www.perfume-week.com\\\/en\\\/#\\\/schema\\\/person\\\/b29ea2f95e850888a58a5002213ab4e5\",\"name\":\"Alexis Danile\",\"image\":{\"@type\":\"ImageObject\",\"inLanguage\":\"en-US\",\"@id\":\"https:\\\/\\\/secure.gravatar.com\\\/avatar\\\/96fa789c53005731999b8fd83816552179eb202db41704b9645912f0aa3198f9?s=96&d=mm&r=g\",\"url\":\"https:\\\/\\\/secure.gravatar.com\\\/avatar\\\/96fa789c53005731999b8fd83816552179eb202db41704b9645912f0aa3198f9?s=96&d=mm&r=g\",\"contentUrl\":\"https:\\\/\\\/secure.gravatar.com\\\/avatar\\\/96fa789c53005731999b8fd83816552179eb202db41704b9645912f0aa3198f9?s=96&d=mm&r=g\",\"caption\":\"Alexis Danile\"}}]}<\/script>\n<!-- \/ Yoast SEO plugin. -->","yoast_head_json":{"title":"Paris Perfume Week 2026: A spectacular third edition at the Palais Brongniart - Perfume Week","description":"From April 9 to 11, 2026, Paris Perfume Week reached a decisive milestone.For its first edition held at the Palais Brongniart, the event brought together 11,780 visitors over three days. Through both its scale and the diversity of its audience, the event has firmly established itself as one of the major fixtures on the international perfume scene.","robots":{"index":"index","follow":"follow","max-snippet":"max-snippet:-1","max-image-preview":"max-image-preview:large","max-video-preview":"max-video-preview:-1"},"canonical":"https:\/\/www.perfume-week.com\/en\/paris-perfume-week-2026-a-spectacular-third-edition-at-the-palais-brongniart\/","og_locale":"en_US","og_type":"article","og_title":"Paris Perfume Week 2026: A spectacular third edition at the Palais Brongniart - Perfume Week","og_description":"From April 9 to 11, 2026, Paris Perfume Week reached a decisive milestone.For its first edition held at the Palais Brongniart, the event brought together 11,780 visitors over three days. Through both its scale and the diversity of its audience, the event has firmly established itself as one of the major fixtures on the international perfume scene.","og_url":"https:\/\/www.perfume-week.com\/en\/paris-perfume-week-2026-a-spectacular-third-edition-at-the-palais-brongniart\/","og_site_name":"Perfume Week, by Nez","article_publisher":"https:\/\/facebook.com\/nezarevue","article_published_time":"2026-04-29T09:45:08+00:00","article_modified_time":"2026-04-29T10:03:44+00:00","og_image":[{"width":840,"height":630,"url":"https:\/\/www.perfume-week.com\/wp-content\/uploads\/2026\/04\/PPW_CP_V1.jpg","type":"image\/jpeg"}],"author":"Alexis Danile","twitter_card":"summary_large_image","twitter_misc":{"Written by":"Alexis Danile","Est. reading time":"5 minutes"},"schema":{"@context":"https:\/\/schema.org","@graph":[{"@type":"Article","@id":"https:\/\/www.perfume-week.com\/en\/paris-perfume-week-2026-a-spectacular-third-edition-at-the-palais-brongniart\/#article","isPartOf":{"@id":"https:\/\/www.perfume-week.com\/en\/paris-perfume-week-2026-a-spectacular-third-edition-at-the-palais-brongniart\/"},"author":{"name":"Alexis Danile","@id":"https:\/\/www.perfume-week.com\/en\/#\/schema\/person\/b29ea2f95e850888a58a5002213ab4e5"},"headline":"Paris Perfume Week 2026: A spectacular third edition at the Palais Brongniart","datePublished":"2026-04-29T09:45:08+00:00","dateModified":"2026-04-29T10:03:44+00:00","mainEntityOfPage":{"@id":"https:\/\/www.perfume-week.com\/en\/paris-perfume-week-2026-a-spectacular-third-edition-at-the-palais-brongniart\/"},"wordCount":927,"publisher":{"@id":"https:\/\/www.perfume-week.com\/en\/#organization"},"image":{"@id":"https:\/\/www.perfume-week.com\/en\/paris-perfume-week-2026-a-spectacular-third-edition-at-the-palais-brongniart\/#primaryimage"},"thumbnailUrl":"https:\/\/www.perfume-week.com\/wp-content\/uploads\/2026\/04\/PPW_CP_V1.jpg","inLanguage":"en-US"},{"@type":"WebPage","@id":"https:\/\/www.perfume-week.com\/en\/paris-perfume-week-2026-a-spectacular-third-edition-at-the-palais-brongniart\/","url":"https:\/\/www.perfume-week.com\/en\/paris-perfume-week-2026-a-spectacular-third-edition-at-the-palais-brongniart\/","name":"Paris Perfume Week 2026: A spectacular third edition at the Palais Brongniart - Perfume Week","isPartOf":{"@id":"https:\/\/www.perfume-week.com\/en\/#website"},"primaryImageOfPage":{"@id":"https:\/\/www.perfume-week.com\/en\/paris-perfume-week-2026-a-spectacular-third-edition-at-the-palais-brongniart\/#primaryimage"},"image":{"@id":"https:\/\/www.perfume-week.com\/en\/paris-perfume-week-2026-a-spectacular-third-edition-at-the-palais-brongniart\/#primaryimage"},"thumbnailUrl":"https:\/\/www.perfume-week.com\/wp-content\/uploads\/2026\/04\/PPW_CP_V1.jpg","datePublished":"2026-04-29T09:45:08+00:00","dateModified":"2026-04-29T10:03:44+00:00","description":"From April 9 to 11, 2026, Paris Perfume Week reached a decisive milestone.For its first edition held at the Palais Brongniart, the event brought together 11,780 visitors over three days. Through both its scale and the diversity of its audience, the event has firmly established itself as one of the major fixtures on the international perfume scene.","breadcrumb":{"@id":"https:\/\/www.perfume-week.com\/en\/paris-perfume-week-2026-a-spectacular-third-edition-at-the-palais-brongniart\/#breadcrumb"},"inLanguage":"en-US","potentialAction":[{"@type":"ReadAction","target":["https:\/\/www.perfume-week.com\/en\/paris-perfume-week-2026-a-spectacular-third-edition-at-the-palais-brongniart\/"]}]},{"@type":"ImageObject","inLanguage":"en-US","@id":"https:\/\/www.perfume-week.com\/en\/paris-perfume-week-2026-a-spectacular-third-edition-at-the-palais-brongniart\/#primaryimage","url":"https:\/\/www.perfume-week.com\/wp-content\/uploads\/2026\/04\/PPW_CP_V1.jpg","contentUrl":"https:\/\/www.perfume-week.com\/wp-content\/uploads\/2026\/04\/PPW_CP_V1.jpg"},{"@type":"BreadcrumbList","@id":"https:\/\/www.perfume-week.com\/en\/paris-perfume-week-2026-a-spectacular-third-edition-at-the-palais-brongniart\/#breadcrumb","itemListElement":[{"@type":"ListItem","position":1,"name":"Accueil","item":"https:\/\/www.perfume-week.com\/en\/"},{"@type":"ListItem","position":2,"name":"Paris Perfume Week 2026: A spectacular third edition at the Palais Brongniart"}]},{"@type":"WebSite","@id":"https:\/\/www.perfume-week.com\/en\/#website","url":"https:\/\/www.perfume-week.com\/en\/","name":"Paris Perfume Week, by Nez","description":"The international gathering for perfume and olfactory culture, by Nez","publisher":{"@id":"https:\/\/www.perfume-week.com\/en\/#organization"},"potentialAction":[{"@type":"SearchAction","target":{"@type":"EntryPoint","urlTemplate":"https:\/\/www.perfume-week.com\/en\/?s={search_term_string}"},"query-input":{"@type":"PropertyValueSpecification","valueRequired":true,"valueName":"search_term_string"}}],"inLanguage":"en-US"},{"@type":"Organization","@id":"https:\/\/www.perfume-week.com\/en\/#organization","name":"Le rendez-vous international du parfum et de la culture olfactive, by Nez","url":"https:\/\/www.perfume-week.com\/en\/","logo":{"@type":"ImageObject","inLanguage":"en-US","@id":"https:\/\/www.perfume-week.com\/en\/#\/schema\/logo\/image\/","url":"https:\/\/www.perfume-week.com\/wp-content\/uploads\/2023\/12\/PARIS_PERFUME_WEEK_BLANC-1.svg","contentUrl":"https:\/\/www.perfume-week.com\/wp-content\/uploads\/2023\/12\/PARIS_PERFUME_WEEK_BLANC-1.svg","width":493,"height":262,"caption":"Le rendez-vous international du parfum et de la culture olfactive, by Nez"},"image":{"@id":"https:\/\/www.perfume-week.com\/en\/#\/schema\/logo\/image\/"},"sameAs":["https:\/\/facebook.com\/nezarevue","https:\/\/www.instagram.com\/perfumeweek"]},{"@type":"Person","@id":"https:\/\/www.perfume-week.com\/en\/#\/schema\/person\/b29ea2f95e850888a58a5002213ab4e5","name":"Alexis Danile","image":{"@type":"ImageObject","inLanguage":"en-US","@id":"https:\/\/secure.gravatar.com\/avatar\/96fa789c53005731999b8fd83816552179eb202db41704b9645912f0aa3198f9?s=96&d=mm&r=g","url":"https:\/\/secure.gravatar.com\/avatar\/96fa789c53005731999b8fd83816552179eb202db41704b9645912f0aa3198f9?s=96&d=mm&r=g","contentUrl":"https:\/\/secure.gravatar.com\/avatar\/96fa789c53005731999b8fd83816552179eb202db41704b9645912f0aa3198f9?s=96&d=mm&r=g","caption":"Alexis Danile"}}]}},"_links":{"self":[{"href":"https:\/\/www.perfume-week.com\/en\/wp-json\/wp\/v2\/posts\/20383","targetHints":{"allow":["GET"]}}],"collection":[{"href":"https:\/\/www.perfume-week.com\/en\/wp-json\/wp\/v2\/posts"}],"about":[{"href":"https:\/\/www.perfume-week.com\/en\/wp-json\/wp\/v2\/types\/post"}],"author":[{"embeddable":true,"href":"https:\/\/www.perfume-week.com\/en\/wp-json\/wp\/v2\/users\/20"}],"replies":[{"embeddable":true,"href":"https:\/\/www.perfume-week.com\/en\/wp-json\/wp\/v2\/comments?post=20383"}],"version-history":[{"count":4,"href":"https:\/\/www.perfume-week.com\/en\/wp-json\/wp\/v2\/posts\/20383\/revisions"}],"predecessor-version":[{"id":20390,"href":"https:\/\/www.perfume-week.com\/en\/wp-json\/wp\/v2\/posts\/20383\/revisions\/20390"}],"wp:attachment":[{"href":"https:\/\/www.perfume-week.com\/en\/wp-json\/wp\/v2\/media?parent=20383"}],"wp:term":[{"taxonomy":"category","embeddable":true,"href":"https:\/\/www.perfume-week.com\/en\/wp-json\/wp\/v2\/categories?post=20383"},{"taxonomy":"post_tag","embeddable":true,"href":"https:\/\/www.perfume-week.com\/en\/wp-json\/wp\/v2\/tags?post=20383"},{"taxonomy":"ville","embeddable":true,"href":"https:\/\/www.perfume-week.com\/en\/wp-json\/wp\/v2\/ville?post=20383"}],"curies":[{"name":"wp","href":"https:\/\/api.w.org\/{rel}","templated":true}]}}